{"id":64591,"date":"2016-07-11T11:12:39","date_gmt":"2016-07-11T09:12:39","guid":{"rendered":"https:\/\/blog.mailfence.com\/reflexoes-sobre-privacidade-on-line\/"},"modified":"2024-05-30T18:16:40","modified_gmt":"2024-05-30T16:16:40","slug":"reflexoes-sobre-privacidade-on-line","status":"publish","type":"post","link":"https:\/\/blog.mailfence.com\/pt\/reflexoes-sobre-privacidade-on-line\/","title":{"rendered":"Reflex\u00f5es sobre privacidade on-line"},"content":{"rendered":"<p><img loading=\"lazy\" decoding=\"async\" class=\"aligncenter wp-image-1284\" src=\"https:\/\/blog.mailfence.com\/wp-content\/uploads\/2016\/07\/image06-1024x538.jpg\" alt=\"Patrick Schutter\" width=\"886\" height=\"485\"><\/p>\n<p>Patrick de Schutter \u00e9 um &#8220;empreendedor serial&#8221; t\u00edpico. Ele fundou a Allmansland, uma das primeiras ag\u00eancias da Web na B\u00e9lgica em 1994. Alguns anos depois, ele participou do lan\u00e7amento do IP Netvertising, a primeira ag\u00eancia de publicidade na B\u00e9lgica, que depois foi vendida para a RTL. Al\u00e9m disso, ele tamb\u00e9m participou de muitas iniciativas de sucesso. Estes \u00faltimos incluem o rendez-vous.be, o site de encontros l\u00edder na B\u00e9lgica, e o <a href=\"https:\/\/fr.express.live\/\">Express.be<\/a>, o \u00fanico site independente de not\u00edcias econ\u00f4micas na B\u00e9lgica.<\/p>\n<p>Nos \u00faltimos anos, ele foi um dos fundadores do ContactOffice, uma solu\u00e7\u00e3o de escrit\u00f3rio virtual, e do Mailfence, uma solu\u00e7\u00e3o de mensagens <a href=\"https:\/\/mailfence.com\/pt\/e-mail-seguro.jsp\">seguras<\/a> e <a href=\"https:\/\/mailfence.com\/pt\/e-mail-privado.jsp\">privadas<\/a>. Ao mesmo tempo, dedica-se a combater a viola\u00e7\u00e3o da privacidade na Internet e a melhorar a seguran\u00e7a dos usu\u00e1rios na B\u00e9lgica e em todo o mundo.<\/p>\n<p>Nos \u00faltimos anos, ele foi cofundador do ContactOffice, um software de escrit\u00f3rio virtual, e do <a href=\"https:\/\/mailfence.com\/\">mailfence<\/a>, um pacote de e-mail <a href=\"https:\/\/mailfence.com\/pt\/e-mail-seguro.jsp\">seguro<\/a> e <a href=\"https:\/\/mailfence.com\/pt\/e-mail-privado.jsp\">privado<\/a>, ao mesmo tempo que se dedica a combater a viola\u00e7\u00e3o da <a href=\"https:\/\/blog.mailfence.com\/pt\/seguranca-anonimato-confidencialidade\/\">privacidade da Internet<\/a> e a melhorar a seguran\u00e7a dos usu\u00e1rios na B\u00e9lgica e em todo o mundo.<\/p>\n<p>Nesta <a href=\"https:\/\/www.vpnmentor.com\/blog\/mailfence-new-secure-email-fights-reclaim-internet-privacy\/\">entrevista<\/a>, ele compartilha seus pensamentos sobre privacidade online, direito internacional, privacidade e tudo o que isso implica.<\/p>\n<p>Tem perguntas sobre Privacidade on-line: reflex\u00f5es de Patrick de Schutter? N\u00e3o hesite em contatar-nos (suporte em mailfence ponto com).<\/p>\n<p style=\"text-align: center;\">[maxbutton id=&#8221;60&#8243; ]<\/p>\n","protected":false},"excerpt":{"rendered":"<p>Patrick de Schutter \u00e9 um &#8220;empreendedor serial&#8221; t\u00edpico. Ele fundou a Allmansland, uma das primeiras ag\u00eancias da Web na B\u00e9lgica em 1994. Alguns anos depois, ele participou do lan\u00e7amento do IP Netvertising, a primeira ag\u00eancia de publicidade na B\u00e9lgica, que depois foi vendida para a RTL. Al\u00e9m disso, ele tamb\u00e9m participou de muitas iniciativas de [&hellip;]<\/p>\n","protected":false},"author":4,"featured_media":85724,"comment_status":"closed","ping_status":"closed","sticky":false,"template":"","format":"standard","meta":{"footnotes":""},"categories":[18572],"tags":[],"class_list":["post-64591","post","type-post","status-publish","format-standard","has-post-thumbnail","hentry","category-privacidade-on-line"],"yoast_head":"<!-- This site is optimized with the Yoast SEO Premium plugin v27.4 (Yoast SEO v27.4) - https:\/\/yoast.com\/product\/yoast-seo-premium-wordpress\/ -->\n<title>Privacidade on-line: reflex\u00f5es de Patrick de Schutter Mailfence Blog<\/title>\n<meta name=\"description\" content=\"Patrick de Schutter (o co-fundador da Mailfence) compartilha seus pensamentos sobre privacidade online e tudo o que isso implica.\" \/>\n<meta name=\"robots\" content=\"index, follow, max-snippet:-1, max-image-preview:large, max-video-preview:-1\" \/>\n<link rel=\"canonical\" href=\"https:\/\/blog.mailfence.com\/pt\/reflexoes-sobre-privacidade-on-line\/\" \/>\n<meta property=\"og:locale\" content=\"pt_BR\" \/>\n<meta property=\"og:type\" content=\"article\" \/>\n<meta property=\"og:title\" content=\"Reflex\u00f5es sobre privacidade on-line | Mailfence Blog\" \/>\n<meta property=\"og:description\" content=\"Reflex\u00f5es sobre privacidade on-line | Mailfence Blog\" \/>\n<meta property=\"og:url\" content=\"https:\/\/blog.mailfence.com\/pt\/reflexoes-sobre-privacidade-on-line\/\" \/>\n<meta property=\"og:site_name\" content=\"Mailfence Blog\" \/>\n<meta property=\"article:publisher\" content=\"https:\/\/www.facebook.com\/mailfence\/\" \/>\n<meta property=\"article:published_time\" content=\"2016-07-11T09:12:39+00:00\" \/>\n<meta property=\"article:modified_time\" content=\"2024-05-30T16:16:40+00:00\" \/>\n<meta property=\"og:image\" content=\"https:\/\/blog.mailfence.com\/wp-content\/uploads\/2016\/07\/thoughts-on-online-privacy.png\" \/>\n\t<meta property=\"og:image:width\" content=\"600\" \/>\n\t<meta property=\"og:image:height\" content=\"600\" \/>\n\t<meta property=\"og:image:type\" content=\"image\/png\" \/>\n<meta name=\"author\" content=\"Patrick De Schutter\" \/>\n<meta name=\"twitter:card\" content=\"summary_large_image\" \/>\n<meta name=\"twitter:creator\" content=\"@pdeschutter\" \/>\n<meta name=\"twitter:site\" content=\"@mailfence\" \/>\n<meta name=\"twitter:label1\" content=\"Escrito por\" \/>\n\t<meta name=\"twitter:data1\" content=\"Patrick De Schutter\" \/>\n\t<meta name=\"twitter:label2\" content=\"Est. tempo de leitura\" \/>\n\t<meta name=\"twitter:data2\" content=\"2 minutos\" \/>\n<script type=\"application\/ld+json\" class=\"yoast-schema-graph\">{\"@context\":\"https:\\\/\\\/schema.org\",\"@graph\":[{\"@type\":\"TechArticle\",\"@id\":\"https:\\\/\\\/blog.mailfence.com\\\/pt\\\/reflexoes-sobre-privacidade-on-line\\\/#article\",\"isPartOf\":{\"@id\":\"https:\\\/\\\/blog.mailfence.com\\\/pt\\\/reflexoes-sobre-privacidade-on-line\\\/\"},\"author\":{\"name\":\"Patrick De Schutter\",\"@id\":\"https:\\\/\\\/blog.mailfence.com\\\/pt\\\/#\\\/schema\\\/person\\\/20a0c25f4ff87b6c5510971559c01c28\"},\"headline\":\"Reflex\u00f5es sobre privacidade on-line\",\"datePublished\":\"2016-07-11T09:12:39+00:00\",\"dateModified\":\"2024-05-30T16:16:40+00:00\",\"mainEntityOfPage\":{\"@id\":\"https:\\\/\\\/blog.mailfence.com\\\/pt\\\/reflexoes-sobre-privacidade-on-line\\\/\"},\"wordCount\":253,\"publisher\":{\"@id\":\"https:\\\/\\\/blog.mailfence.com\\\/pt\\\/#organization\"},\"image\":{\"@id\":\"https:\\\/\\\/blog.mailfence.com\\\/pt\\\/reflexoes-sobre-privacidade-on-line\\\/#primaryimage\"},\"thumbnailUrl\":\"https:\\\/\\\/blog.mailfence.com\\\/wp-content\\\/uploads\\\/2016\\\/07\\\/thoughts-on-online-privacy.png\",\"articleSection\":[\"Privacidade on-line\"],\"inLanguage\":\"pt-BR\"},{\"@type\":\"WebPage\",\"@id\":\"https:\\\/\\\/blog.mailfence.com\\\/pt\\\/reflexoes-sobre-privacidade-on-line\\\/\",\"url\":\"https:\\\/\\\/blog.mailfence.com\\\/pt\\\/reflexoes-sobre-privacidade-on-line\\\/\",\"name\":\"Privacidade on-line: reflex\u00f5es de Patrick de Schutter Mailfence Blog\",\"isPartOf\":{\"@id\":\"https:\\\/\\\/blog.mailfence.com\\\/pt\\\/#website\"},\"primaryImageOfPage\":{\"@id\":\"https:\\\/\\\/blog.mailfence.com\\\/pt\\\/reflexoes-sobre-privacidade-on-line\\\/#primaryimage\"},\"image\":{\"@id\":\"https:\\\/\\\/blog.mailfence.com\\\/pt\\\/reflexoes-sobre-privacidade-on-line\\\/#primaryimage\"},\"thumbnailUrl\":\"https:\\\/\\\/blog.mailfence.com\\\/wp-content\\\/uploads\\\/2016\\\/07\\\/thoughts-on-online-privacy.png\",\"datePublished\":\"2016-07-11T09:12:39+00:00\",\"dateModified\":\"2024-05-30T16:16:40+00:00\",\"description\":\"Patrick de Schutter (o co-fundador da Mailfence) compartilha seus pensamentos sobre privacidade online e tudo o que isso implica.\",\"breadcrumb\":{\"@id\":\"https:\\\/\\\/blog.mailfence.com\\\/pt\\\/reflexoes-sobre-privacidade-on-line\\\/#breadcrumb\"},\"inLanguage\":\"pt-BR\",\"potentialAction\":[{\"@type\":\"ReadAction\",\"target\":[\"https:\\\/\\\/blog.mailfence.com\\\/pt\\\/reflexoes-sobre-privacidade-on-line\\\/\"]}]},{\"@type\":\"ImageObject\",\"inLanguage\":\"pt-BR\",\"@id\":\"https:\\\/\\\/blog.mailfence.com\\\/pt\\\/reflexoes-sobre-privacidade-on-line\\\/#primaryimage\",\"url\":\"https:\\\/\\\/blog.mailfence.com\\\/wp-content\\\/uploads\\\/2016\\\/07\\\/thoughts-on-online-privacy.png\",\"contentUrl\":\"https:\\\/\\\/blog.mailfence.com\\\/wp-content\\\/uploads\\\/2016\\\/07\\\/thoughts-on-online-privacy.png\",\"width\":600,\"height\":600,\"caption\":\"\\\"\\\"\"},{\"@type\":\"BreadcrumbList\",\"@id\":\"https:\\\/\\\/blog.mailfence.com\\\/pt\\\/reflexoes-sobre-privacidade-on-line\\\/#breadcrumb\",\"itemListElement\":[{\"@type\":\"ListItem\",\"position\":1,\"name\":\"Homepage\",\"item\":\"https:\\\/\\\/blog.mailfence.com\\\/pt\\\/\"},{\"@type\":\"ListItem\",\"position\":2,\"name\":\"Privacidade on-line\",\"item\":\"https:\\\/\\\/blog.mailfence.com\\\/pt\\\/category\\\/privacidade-on-line\\\/\"},{\"@type\":\"ListItem\",\"position\":3,\"name\":\"Reflex\u00f5es sobre privacidade on-line\"}]},{\"@type\":\"WebSite\",\"@id\":\"https:\\\/\\\/blog.mailfence.com\\\/pt\\\/#website\",\"url\":\"https:\\\/\\\/blog.mailfence.com\\\/pt\\\/\",\"name\":\"Mailfence Blog\",\"description\":\"Mailfence Blog. Get the latest news about secure email and Internet privacy.\",\"publisher\":{\"@id\":\"https:\\\/\\\/blog.mailfence.com\\\/pt\\\/#organization\"},\"potentialAction\":[{\"@type\":\"SearchAction\",\"target\":{\"@type\":\"EntryPoint\",\"urlTemplate\":\"https:\\\/\\\/blog.mailfence.com\\\/pt\\\/?s={search_term_string}\"},\"query-input\":{\"@type\":\"PropertyValueSpecification\",\"valueRequired\":true,\"valueName\":\"search_term_string\"}}],\"inLanguage\":\"pt-BR\"},{\"@type\":\"Organization\",\"@id\":\"https:\\\/\\\/blog.mailfence.com\\\/pt\\\/#organization\",\"name\":\"Mailfence\",\"url\":\"https:\\\/\\\/blog.mailfence.com\\\/pt\\\/\",\"logo\":{\"@type\":\"ImageObject\",\"inLanguage\":\"pt-BR\",\"@id\":\"https:\\\/\\\/blog.mailfence.com\\\/pt\\\/#\\\/schema\\\/logo\\\/image\\\/\",\"url\":\"https:\\\/\\\/blog.mailfence.com\\\/wp-content\\\/uploads\\\/2022\\\/08\\\/Mailfence_logo_pict_and_word_BOUNDED_small.png\",\"contentUrl\":\"https:\\\/\\\/blog.mailfence.com\\\/wp-content\\\/uploads\\\/2022\\\/08\\\/Mailfence_logo_pict_and_word_BOUNDED_small.png\",\"width\":1812,\"height\":358,\"caption\":\"Mailfence\"},\"image\":{\"@id\":\"https:\\\/\\\/blog.mailfence.com\\\/pt\\\/#\\\/schema\\\/logo\\\/image\\\/\"},\"sameAs\":[\"https:\\\/\\\/www.facebook.com\\\/mailfence\\\/\",\"https:\\\/\\\/x.com\\\/mailfence\",\"https:\\\/\\\/www.reddit.com\\\/r\\\/Mailfence\\\/\",\"https:\\\/\\\/www.linkedin.com\\\/company\\\/mailfence\",\"https:\\\/\\\/www.instagram.com\\\/mailfence_\\\/\",\"https:\\\/\\\/www.youtube.com\\\/@mailfence\",\"https:\\\/\\\/en.wikipedia.org\\\/wiki\\\/Mailfence\"]},{\"@type\":\"Person\",\"@id\":\"https:\\\/\\\/blog.mailfence.com\\\/pt\\\/#\\\/schema\\\/person\\\/20a0c25f4ff87b6c5510971559c01c28\",\"name\":\"Patrick De Schutter\",\"image\":{\"@type\":\"ImageObject\",\"inLanguage\":\"pt-BR\",\"@id\":\"https:\\\/\\\/secure.gravatar.com\\\/avatar\\\/504fce782c4af8c40497b54807c4ba30bf391c917fdf953ac6392cb55dfb078e?s=96&d=blank&r=g\",\"url\":\"https:\\\/\\\/secure.gravatar.com\\\/avatar\\\/504fce782c4af8c40497b54807c4ba30bf391c917fdf953ac6392cb55dfb078e?s=96&d=blank&r=g\",\"contentUrl\":\"https:\\\/\\\/secure.gravatar.com\\\/avatar\\\/504fce782c4af8c40497b54807c4ba30bf391c917fdf953ac6392cb55dfb078e?s=96&d=blank&r=g\",\"caption\":\"Patrick De Schutter\"},\"description\":\"Patrick is the co-founder of Mailfence. He's a serial entrepreneur and startup investor since 1994 and launched several pioneering internet companies such as Allmansland, IP Netvertising or Express.be. He is a strong believer and advocate of encryption and privacy.\",\"sameAs\":[\"https:\\\/\\\/www.linkedin.com\\\/in\\\/pdeschutter\\\/\",\"https:\\\/\\\/x.com\\\/pdeschutter\"],\"gender\":\"male\",\"knowsLanguage\":[\"English\",\"French\",\"Dutch\",\"Swedish\"],\"url\":\"https:\\\/\\\/blog.mailfence.com\\\/pt\\\/author\\\/patrick\\\/\"}]}<\/script>\n<!-- \/ Yoast SEO Premium plugin. -->","yoast_head_json":{"title":"Privacidade on-line: reflex\u00f5es de Patrick de Schutter Mailfence Blog","description":"Patrick de Schutter (o co-fundador da Mailfence) compartilha seus pensamentos sobre privacidade online e tudo o que isso implica.","robots":{"index":"index","follow":"follow","max-snippet":"max-snippet:-1","max-image-preview":"max-image-preview:large","max-video-preview":"max-video-preview:-1"},"canonical":"https:\/\/blog.mailfence.com\/pt\/reflexoes-sobre-privacidade-on-line\/","og_locale":"pt_BR","og_type":"article","og_title":"Reflex\u00f5es sobre privacidade on-line | Mailfence Blog","og_description":"Reflex\u00f5es sobre privacidade on-line | Mailfence Blog","og_url":"https:\/\/blog.mailfence.com\/pt\/reflexoes-sobre-privacidade-on-line\/","og_site_name":"Mailfence Blog","article_publisher":"https:\/\/www.facebook.com\/mailfence\/","article_published_time":"2016-07-11T09:12:39+00:00","article_modified_time":"2024-05-30T16:16:40+00:00","og_image":[{"width":600,"height":600,"url":"https:\/\/blog.mailfence.com\/wp-content\/uploads\/2016\/07\/thoughts-on-online-privacy.png","type":"image\/png"}],"author":"Patrick De Schutter","twitter_card":"summary_large_image","twitter_creator":"@pdeschutter","twitter_site":"@mailfence","twitter_misc":{"Escrito por":"Patrick De Schutter","Est. tempo de leitura":"2 minutos"},"schema":{"@context":"https:\/\/schema.org","@graph":[{"@type":"TechArticle","@id":"https:\/\/blog.mailfence.com\/pt\/reflexoes-sobre-privacidade-on-line\/#article","isPartOf":{"@id":"https:\/\/blog.mailfence.com\/pt\/reflexoes-sobre-privacidade-on-line\/"},"author":{"name":"Patrick De Schutter","@id":"https:\/\/blog.mailfence.com\/pt\/#\/schema\/person\/20a0c25f4ff87b6c5510971559c01c28"},"headline":"Reflex\u00f5es sobre privacidade on-line","datePublished":"2016-07-11T09:12:39+00:00","dateModified":"2024-05-30T16:16:40+00:00","mainEntityOfPage":{"@id":"https:\/\/blog.mailfence.com\/pt\/reflexoes-sobre-privacidade-on-line\/"},"wordCount":253,"publisher":{"@id":"https:\/\/blog.mailfence.com\/pt\/#organization"},"image":{"@id":"https:\/\/blog.mailfence.com\/pt\/reflexoes-sobre-privacidade-on-line\/#primaryimage"},"thumbnailUrl":"https:\/\/blog.mailfence.com\/wp-content\/uploads\/2016\/07\/thoughts-on-online-privacy.png","articleSection":["Privacidade on-line"],"inLanguage":"pt-BR"},{"@type":"WebPage","@id":"https:\/\/blog.mailfence.com\/pt\/reflexoes-sobre-privacidade-on-line\/","url":"https:\/\/blog.mailfence.com\/pt\/reflexoes-sobre-privacidade-on-line\/","name":"Privacidade on-line: reflex\u00f5es de Patrick de Schutter Mailfence Blog","isPartOf":{"@id":"https:\/\/blog.mailfence.com\/pt\/#website"},"primaryImageOfPage":{"@id":"https:\/\/blog.mailfence.com\/pt\/reflexoes-sobre-privacidade-on-line\/#primaryimage"},"image":{"@id":"https:\/\/blog.mailfence.com\/pt\/reflexoes-sobre-privacidade-on-line\/#primaryimage"},"thumbnailUrl":"https:\/\/blog.mailfence.com\/wp-content\/uploads\/2016\/07\/thoughts-on-online-privacy.png","datePublished":"2016-07-11T09:12:39+00:00","dateModified":"2024-05-30T16:16:40+00:00","description":"Patrick de Schutter (o co-fundador da Mailfence) compartilha seus pensamentos sobre privacidade online e tudo o que isso implica.","breadcrumb":{"@id":"https:\/\/blog.mailfence.com\/pt\/reflexoes-sobre-privacidade-on-line\/#breadcrumb"},"inLanguage":"pt-BR","potentialAction":[{"@type":"ReadAction","target":["https:\/\/blog.mailfence.com\/pt\/reflexoes-sobre-privacidade-on-line\/"]}]},{"@type":"ImageObject","inLanguage":"pt-BR","@id":"https:\/\/blog.mailfence.com\/pt\/reflexoes-sobre-privacidade-on-line\/#primaryimage","url":"https:\/\/blog.mailfence.com\/wp-content\/uploads\/2016\/07\/thoughts-on-online-privacy.png","contentUrl":"https:\/\/blog.mailfence.com\/wp-content\/uploads\/2016\/07\/thoughts-on-online-privacy.png","width":600,"height":600,"caption":"\"\""},{"@type":"BreadcrumbList","@id":"https:\/\/blog.mailfence.com\/pt\/reflexoes-sobre-privacidade-on-line\/#breadcrumb","itemListElement":[{"@type":"ListItem","position":1,"name":"Homepage","item":"https:\/\/blog.mailfence.com\/pt\/"},{"@type":"ListItem","position":2,"name":"Privacidade on-line","item":"https:\/\/blog.mailfence.com\/pt\/category\/privacidade-on-line\/"},{"@type":"ListItem","position":3,"name":"Reflex\u00f5es sobre privacidade on-line"}]},{"@type":"WebSite","@id":"https:\/\/blog.mailfence.com\/pt\/#website","url":"https:\/\/blog.mailfence.com\/pt\/","name":"Mailfence Blog","description":"Mailfence Blog. Get the latest news about secure email and Internet privacy.","publisher":{"@id":"https:\/\/blog.mailfence.com\/pt\/#organization"},"potentialAction":[{"@type":"SearchAction","target":{"@type":"EntryPoint","urlTemplate":"https:\/\/blog.mailfence.com\/pt\/?s={search_term_string}"},"query-input":{"@type":"PropertyValueSpecification","valueRequired":true,"valueName":"search_term_string"}}],"inLanguage":"pt-BR"},{"@type":"Organization","@id":"https:\/\/blog.mailfence.com\/pt\/#organization","name":"Mailfence","url":"https:\/\/blog.mailfence.com\/pt\/","logo":{"@type":"ImageObject","inLanguage":"pt-BR","@id":"https:\/\/blog.mailfence.com\/pt\/#\/schema\/logo\/image\/","url":"https:\/\/blog.mailfence.com\/wp-content\/uploads\/2022\/08\/Mailfence_logo_pict_and_word_BOUNDED_small.png","contentUrl":"https:\/\/blog.mailfence.com\/wp-content\/uploads\/2022\/08\/Mailfence_logo_pict_and_word_BOUNDED_small.png","width":1812,"height":358,"caption":"Mailfence"},"image":{"@id":"https:\/\/blog.mailfence.com\/pt\/#\/schema\/logo\/image\/"},"sameAs":["https:\/\/www.facebook.com\/mailfence\/","https:\/\/x.com\/mailfence","https:\/\/www.reddit.com\/r\/Mailfence\/","https:\/\/www.linkedin.com\/company\/mailfence","https:\/\/www.instagram.com\/mailfence_\/","https:\/\/www.youtube.com\/@mailfence","https:\/\/en.wikipedia.org\/wiki\/Mailfence"]},{"@type":"Person","@id":"https:\/\/blog.mailfence.com\/pt\/#\/schema\/person\/20a0c25f4ff87b6c5510971559c01c28","name":"Patrick De Schutter","image":{"@type":"ImageObject","inLanguage":"pt-BR","@id":"https:\/\/secure.gravatar.com\/avatar\/504fce782c4af8c40497b54807c4ba30bf391c917fdf953ac6392cb55dfb078e?s=96&d=blank&r=g","url":"https:\/\/secure.gravatar.com\/avatar\/504fce782c4af8c40497b54807c4ba30bf391c917fdf953ac6392cb55dfb078e?s=96&d=blank&r=g","contentUrl":"https:\/\/secure.gravatar.com\/avatar\/504fce782c4af8c40497b54807c4ba30bf391c917fdf953ac6392cb55dfb078e?s=96&d=blank&r=g","caption":"Patrick De Schutter"},"description":"Patrick is the co-founder of Mailfence. He's a serial entrepreneur and startup investor since 1994 and launched several pioneering internet companies such as Allmansland, IP Netvertising or Express.be. He is a strong believer and advocate of encryption and privacy.","sameAs":["https:\/\/www.linkedin.com\/in\/pdeschutter\/","https:\/\/x.com\/pdeschutter"],"gender":"male","knowsLanguage":["English","French","Dutch","Swedish"],"url":"https:\/\/blog.mailfence.com\/pt\/author\/patrick\/"}]}},"_links":{"self":[{"href":"https:\/\/blog.mailfence.com\/pt\/wp-json\/wp\/v2\/posts\/64591","targetHints":{"allow":["GET"]}}],"collection":[{"href":"https:\/\/blog.mailfence.com\/pt\/wp-json\/wp\/v2\/posts"}],"about":[{"href":"https:\/\/blog.mailfence.com\/pt\/wp-json\/wp\/v2\/types\/post"}],"author":[{"embeddable":true,"href":"https:\/\/blog.mailfence.com\/pt\/wp-json\/wp\/v2\/users\/4"}],"replies":[{"embeddable":true,"href":"https:\/\/blog.mailfence.com\/pt\/wp-json\/wp\/v2\/comments?post=64591"}],"version-history":[{"count":1,"href":"https:\/\/blog.mailfence.com\/pt\/wp-json\/wp\/v2\/posts\/64591\/revisions"}],"predecessor-version":[{"id":85726,"href":"https:\/\/blog.mailfence.com\/pt\/wp-json\/wp\/v2\/posts\/64591\/revisions\/85726"}],"wp:featuredmedia":[{"embeddable":true,"href":"https:\/\/blog.mailfence.com\/pt\/wp-json\/wp\/v2\/media\/85724"}],"wp:attachment":[{"href":"https:\/\/blog.mailfence.com\/pt\/wp-json\/wp\/v2\/media?parent=64591"}],"wp:term":[{"taxonomy":"category","embeddable":true,"href":"https:\/\/blog.mailfence.com\/pt\/wp-json\/wp\/v2\/categories?post=64591"},{"taxonomy":"post_tag","embeddable":true,"href":"https:\/\/blog.mailfence.com\/pt\/wp-json\/wp\/v2\/tags?post=64591"}],"curies":[{"name":"wp","href":"https:\/\/api.w.org\/{rel}","templated":true}]}}